{"id":400,"date":"2012-07-10T19:36:12","date_gmt":"2012-07-10T17:36:12","guid":{"rendered":"http:\/\/lazlo.de\/?p=400"},"modified":"2013-06-10T16:06:47","modified_gmt":"2013-06-10T14:06:47","slug":"geheimdienstchefkarriere-mal-anders","status":"publish","type":"post","link":"http:\/\/lazlo.de\/blog\/2012\/07\/10\/geheimdienstchefkarriere-mal-anders\/","title":{"rendered":"Geheimdienstchefkarriere mal anders"},"content":{"rendered":"<p>Aus dem <a href=\"http:\/\/www.sueddeutsche.de\/politik\/thueringer-verfassungsschutz-im-nsu-skandal-es-war-dunkel-ausserdem-war-ich-betrunken-1.1407991\" target=\"_blank\">Artikel der S\u00fcddeutschen Zeitung<\/a> im Zusammenhang mit dem NSU-Untersuchungsausschuss im Th\u00fcringer Landtag.<\/p>\n<p>Helmut Roewer auf auf die Frage, wie er Verfassungsschutz-Pr\u00e4sident wurde: &#8220;Es war an einem Tag nachts um 23 Uhr, da brachte mir eine unbekannte Person eine Ernennungsurkunde vorbei, in einem gelben Umschlag. Es war dunkel, ich konnte sie nicht erkennen. Ich war au\u00dferdem betrunken. Am Morgen fand ich den Umschlag jedenfalls noch in meiner Jacke.&#8221;<\/p>\n<p>Das stellt so ziemlich alles in den Schatten was ich bis heute an Geheimdienstgeschichten, vor allem aus deutschen Beh\u00f6rden geh\u00f6rt habe. Nicht vergleichbar aber nicht weniger interessant ist die Geschichte des ersten Pr\u00e4sidenten des Bundesamtes f\u00fcr Verfassungsschutz (BfV) <a href=\"http:\/\/de.wikipedia.org\/wiki\/Otto_John\" target=\"_blank\">Otto John<\/a>.<\/p>\n<p>Nachtrag: <strong>W\u00fcrde<\/strong> man das ganze jetzt auf die Spitze treiben und <strong>behaupten<\/strong> Herr Roewer ist einfach ein schlecht getarnter Neonazi und seine Aufgabe war die Infiltration und Sabotage der Beh\u00f6rde die gegen seinesgleichen ermittelt, macht die ganze Geschichte sogar Sinn! Warum geht mir der Anblick eines l\u00e4chelnden Markus Wolf nicht aus dem Kopf?<\/p>\n<p><a href=\"http:\/\/lazlo.de\/wp-content\/uploads\/2012\/07\/markus-wolf.jpg\"><img loading=\"lazy\" decoding=\"async\" class=\"alignnone size-medium wp-image-407\" title=\"markus wolf\" src=\"http:\/\/lazlo.de\/wp-content\/uploads\/2012\/07\/markus-wolf-300x160.jpg\" alt=\"\" width=\"300\" height=\"160\" srcset=\"http:\/\/lazlo.de\/blog\/wp-content\/uploads\/2012\/07\/markus-wolf-300x160.jpg 300w, http:\/\/lazlo.de\/blog\/wp-content\/uploads\/2012\/07\/markus-wolf.jpg 600w\" sizes=\"auto, (max-width: 300px) 100vw, 300px\" \/><\/a><\/p>\n","protected":false},"excerpt":{"rendered":"<p>Aus dem Artikel der S\u00fcddeutschen Zeitung im Zusammenhang mit dem NSU-Untersuchungsausschuss im Th\u00fcringer Landtag. Helmut Roewer auf auf die Frage, wie er Verfassungsschutz-Pr\u00e4sident wurde: &#8220;Es war an einem Tag nachts um 23 Uhr, da brachte mir &hellip; <a class=\"more-link\" href=\"http:\/\/lazlo.de\/blog\/2012\/07\/10\/geheimdienstchefkarriere-mal-anders\/\">More<span class=\"meta-nav\">&rarr;<\/span><\/a><\/p>\n","protected":false},"author":1,"featured_media":0,"comment_status":"open","ping_status":"closed","sticky":false,"template":"","format":"standard","meta":{"_monsterinsights_skip_tracking":false,"_monsterinsights_sitenote_active":false,"_monsterinsights_sitenote_note":"","_monsterinsights_sitenote_category":0,"footnotes":""},"categories":[147],"tags":[43,21,44,41,40,42],"class_list":["post-400","post","type-post","status-publish","format-standard","hentry","category-politics","tag-faschismus","tag-gesellschaft","tag-realsatire","tag-sicherheit","tag-staat","tag-verfassungsschutz"],"_links":{"self":[{"href":"http:\/\/lazlo.de\/blog\/wp-json\/wp\/v2\/posts\/400","targetHints":{"allow":["GET"]}}],"collection":[{"href":"http:\/\/lazlo.de\/blog\/wp-json\/wp\/v2\/posts"}],"about":[{"href":"http:\/\/lazlo.de\/blog\/wp-json\/wp\/v2\/types\/post"}],"author":[{"embeddable":true,"href":"http:\/\/lazlo.de\/blog\/wp-json\/wp\/v2\/users\/1"}],"replies":[{"embeddable":true,"href":"http:\/\/lazlo.de\/blog\/wp-json\/wp\/v2\/comments?post=400"}],"version-history":[{"count":6,"href":"http:\/\/lazlo.de\/blog\/wp-json\/wp\/v2\/posts\/400\/revisions"}],"predecessor-version":[{"id":1148,"href":"http:\/\/lazlo.de\/blog\/wp-json\/wp\/v2\/posts\/400\/revisions\/1148"}],"wp:attachment":[{"href":"http:\/\/lazlo.de\/blog\/wp-json\/wp\/v2\/media?parent=400"}],"wp:term":[{"taxonomy":"category","embeddable":true,"href":"http:\/\/lazlo.de\/blog\/wp-json\/wp\/v2\/categories?post=400"},{"taxonomy":"post_tag","embeddable":true,"href":"http:\/\/lazlo.de\/blog\/wp-json\/wp\/v2\/tags?post=400"}],"curies":[{"name":"wp","href":"https:\/\/api.w.org\/{rel}","templated":true}]}}