{"id":417,"date":"2012-08-03T04:14:10","date_gmt":"2012-08-03T02:14:10","guid":{"rendered":"http:\/\/lazlo.de\/?p=417"},"modified":"2013-06-10T16:09:09","modified_gmt":"2013-06-10T14:09:09","slug":"guido-knopp","status":"publish","type":"post","link":"http:\/\/lazlo.de\/blog\/2012\/08\/03\/guido-knopp\/","title":{"rendered":"Guido Knopp &#8230;"},"content":{"rendered":"<p>Anl\u00e4sslich der <a href=\"http:\/\/www.stern.de\/kultur\/tv\/umstrittener-zdf-historiker-guido-knopp-kuendigt-ruhestand-fuer-2013-an-1870144.html\" target=\"_blank\">Ank\u00fcndigung von Herrn Knopp<\/a> (gefunden im &#8220;stern&#8221; &#8230; w\u00fcrg! ich sage nur &#8220;Hitler Tageb\u00fccher&#8221; und &#8220;Barschel Aff\u00e4re&#8221;) 2013 in den verdienten Ruhestand zu gehen, ein kleines St\u00e4ndchen f\u00fcr einen der standhaftesten M\u00e4rchenonkel (wie auch Stefan Aust und Hans Leyendecker) die unsere Republik so zu bieten hat.<\/p>\n<p><iframe loading=\"lazy\" width=\"640\" height=\"480\" src=\"http:\/\/www.youtube.com\/embed\/fKoXjpn5mg0\" frameborder=\"0\" allowfullscreen><\/iframe><\/p>\n","protected":false},"excerpt":{"rendered":"<p>Anl\u00e4sslich der Ank\u00fcndigung von Herrn Knopp (gefunden im &#8220;stern&#8221; &#8230; w\u00fcrg! ich sage nur &#8220;Hitler Tageb\u00fccher&#8221; und &#8220;Barschel Aff\u00e4re&#8221;) 2013 in den verdienten Ruhestand zu gehen, ein kleines St\u00e4ndchen f\u00fcr einen der standhaftesten M\u00e4rchenonkel (wie auch &hellip; <a class=\"more-link\" href=\"http:\/\/lazlo.de\/blog\/2012\/08\/03\/guido-knopp\/\">More<span class=\"meta-nav\">&rarr;<\/span><\/a><\/p>\n","protected":false},"author":1,"featured_media":0,"comment_status":"open","ping_status":"closed","sticky":false,"template":"","format":"standard","meta":{"_monsterinsights_skip_tracking":false,"_monsterinsights_sitenote_active":false,"_monsterinsights_sitenote_note":"","_monsterinsights_sitenote_category":0,"footnotes":""},"categories":[111,147],"tags":[50,101,65,38],"class_list":["post-417","post","type-post","status-publish","format-standard","hentry","category-music-personal","category-politics","tag-desinformation","tag-german","tag-music","tag-video"],"_links":{"self":[{"href":"http:\/\/lazlo.de\/blog\/wp-json\/wp\/v2\/posts\/417","targetHints":{"allow":["GET"]}}],"collection":[{"href":"http:\/\/lazlo.de\/blog\/wp-json\/wp\/v2\/posts"}],"about":[{"href":"http:\/\/lazlo.de\/blog\/wp-json\/wp\/v2\/types\/post"}],"author":[{"embeddable":true,"href":"http:\/\/lazlo.de\/blog\/wp-json\/wp\/v2\/users\/1"}],"replies":[{"embeddable":true,"href":"http:\/\/lazlo.de\/blog\/wp-json\/wp\/v2\/comments?post=417"}],"version-history":[{"count":12,"href":"http:\/\/lazlo.de\/blog\/wp-json\/wp\/v2\/posts\/417\/revisions"}],"predecessor-version":[{"id":1152,"href":"http:\/\/lazlo.de\/blog\/wp-json\/wp\/v2\/posts\/417\/revisions\/1152"}],"wp:attachment":[{"href":"http:\/\/lazlo.de\/blog\/wp-json\/wp\/v2\/media?parent=417"}],"wp:term":[{"taxonomy":"category","embeddable":true,"href":"http:\/\/lazlo.de\/blog\/wp-json\/wp\/v2\/categories?post=417"},{"taxonomy":"post_tag","embeddable":true,"href":"http:\/\/lazlo.de\/blog\/wp-json\/wp\/v2\/tags?post=417"}],"curies":[{"name":"wp","href":"https:\/\/api.w.org\/{rel}","templated":true}]}}